{"id":3901,"date":"2023-09-25T16:16:58","date_gmt":"2023-09-25T14:16:58","guid":{"rendered":"https:\/\/socma.info\/?p=3901"},"modified":"2023-10-02T10:09:55","modified_gmt":"2023-10-02T08:09:55","slug":"encuentrenos-ahora-en-la-feria-vinitech-sifel-2","status":"publish","type":"post","link":"https:\/\/socma.info\/es\/encuentrenos-ahora-en-la-feria-vinitech-sifel-2\/","title":{"rendered":"\u00a1Encu\u00e9ntrenos en el salon SITEVI del 28 al 30 noviembre de 2023!"},"content":{"rendered":"\n<figure class=\"wp-block-image size-large\"><img fetchpriority=\"high\" decoding=\"async\" width=\"1024\" height=\"239\" src=\"https:\/\/socma.info\/wp-content\/uploads\/2023\/09\/a1_d_046_email-1024x239.png\" alt=\"\" class=\"wp-image-3914\" srcset=\"https:\/\/socma.info\/wp-content\/uploads\/2023\/09\/a1_d_046_email-1024x239.png 1024w, https:\/\/socma.info\/wp-content\/uploads\/2023\/09\/a1_d_046_email-300x70.png 300w, https:\/\/socma.info\/wp-content\/uploads\/2023\/09\/a1_d_046_email-768x179.png 768w, https:\/\/socma.info\/wp-content\/uploads\/2023\/09\/a1_d_046_email.png 1200w\" sizes=\"(max-width: 1024px) 100vw, 1024px\" \/><\/figure>\n\n\n\n<div style=\"height:22px\" aria-hidden=\"true\" class=\"wp-block-spacer\"><\/div>\n\n\n<p>Del 28 al 30 de noviembre de 2023, <a href=\"https:\/\/www.sitevi.com\/\">SITEVI<\/a> le dar\u00e1 acceso a los mejores avances en equipos y conocimientos t\u00e9cnicos para los sectores de la viticultura, la vinicultura, la arboricultura y la olivicultura.<\/p>\n<p>\ud83d\udccdPlaza de Exposiciones de Montpellier<br \/>Route de la Foire, 34470 P\u00e9rols &#8211; de <strong>8.30 a 18.00<\/strong> horas<\/p>\n\n\n<div style=\"height:14px\" aria-hidden=\"true\" class=\"wp-block-spacer\"><\/div>\n\n\n\n<h2 class=\"wp-block-heading\">Vea nuestra gama completa de equipos SOCMA &#8211; STAND A1 D046<\/h2>\n\n\n<div class=\"wp-block-image\">\n<figure class=\"aligncenter size-large is-resized\"><img decoding=\"async\" src=\"https:\/\/socma.info\/wp-content\/uploads\/2023\/09\/ZA-du-Castillas-599-Avenue-du-col-de-chevre-11100-Montredon-des-Corbieres-FRANCE-2-1024x441.png\" alt=\"\" class=\"wp-image-3908\" style=\"width:841px;height:362px\" width=\"841\" height=\"362\" srcset=\"https:\/\/socma.info\/wp-content\/uploads\/2023\/09\/ZA-du-Castillas-599-Avenue-du-col-de-chevre-11100-Montredon-des-Corbieres-FRANCE-2-1024x441.png 1024w, https:\/\/socma.info\/wp-content\/uploads\/2023\/09\/ZA-du-Castillas-599-Avenue-du-col-de-chevre-11100-Montredon-des-Corbieres-FRANCE-2-300x129.png 300w, https:\/\/socma.info\/wp-content\/uploads\/2023\/09\/ZA-du-Castillas-599-Avenue-du-col-de-chevre-11100-Montredon-des-Corbieres-FRANCE-2-768x331.png 768w, https:\/\/socma.info\/wp-content\/uploads\/2023\/09\/ZA-du-Castillas-599-Avenue-du-col-de-chevre-11100-Montredon-des-Corbieres-FRANCE-2-1536x661.png 1536w, https:\/\/socma.info\/wp-content\/uploads\/2023\/09\/ZA-du-Castillas-599-Avenue-du-col-de-chevre-11100-Montredon-des-Corbieres-FRANCE-2.png 1640w\" sizes=\"(max-width: 841px) 100vw, 841px\" \/><\/figure>\n<\/div>\n\n\n<figure class=\"wp-block-gallery has-nested-images columns-default is-cropped wp-block-gallery-1 is-layout-flex wp-block-gallery-is-layout-flex\"><div class=\"wp-block-image\">\n<figure class=\"aligncenter size-large\"><img decoding=\"async\" width=\"1024\" height=\"576\" data-id=\"3911\" src=\"https:\/\/socma.info\/wp-content\/uploads\/2023\/09\/RENDU-REALISTE-LIGNE-3-1024x576.png\" alt=\"\" class=\"wp-image-3911\" srcset=\"https:\/\/socma.info\/wp-content\/uploads\/2023\/09\/RENDU-REALISTE-LIGNE-3-1024x576.png 1024w, https:\/\/socma.info\/wp-content\/uploads\/2023\/09\/RENDU-REALISTE-LIGNE-3-300x169.png 300w, https:\/\/socma.info\/wp-content\/uploads\/2023\/09\/RENDU-REALISTE-LIGNE-3-768x432.png 768w, https:\/\/socma.info\/wp-content\/uploads\/2023\/09\/RENDU-REALISTE-LIGNE-3-1536x864.png 1536w, https:\/\/socma.info\/wp-content\/uploads\/2023\/09\/RENDU-REALISTE-LIGNE-3-2048x1152.png 2048w\" sizes=\"(max-width: 1024px) 100vw, 1024px\" \/><\/figure>\n<\/div><\/figure>\n\n\n\n<h2 class=\"wp-block-heading has-text-align-center\"><a href=\"https:\/\/socma.info\/es\/catalogo\/\">DESCUBRA NUESTRAS SOLUCIONES<\/a><\/h2>\n\n\n\n<h4 class=\"wp-block-heading has-text-align-center\">Nuestro \u00e1mbito de actuaci\u00f3n abarca desde la descarga de la uva hasta su traslado a la prensa, la cuba o la barrica.<\/h4>\n\n\n\n<div style=\"height:24px\" aria-hidden=\"true\" class=\"wp-block-spacer\"><\/div>\n\n\n\n<h2 class=\"wp-block-heading\">Cifras clave de SITEVI<\/h2>\n\n\n\n<ul class=\"wp-block-list\">\n<li>Cerca de 1.000 empresas, el 23% de ellas internacionales<\/li>\n\n\n\n<li>51.000 inscripciones de 61 pa\u00edses<\/li>\n\n\n\n<li>+120 delegaciones internacionales<\/li>\n<\/ul>\n\n\n\n<h2 class=\"wp-block-heading\">Eventos SITEVI<\/h2>\n\n\n\n<ul class=\"wp-block-list\">\n<li>M\u00e1s de 50 conferencias y talleres dirigidos por expertos para debatir los retos a los que se enfrentan las industrias vitivin\u00edcola, frut\u00edcola y ole\u00edcola, as\u00ed como para descubrir soluciones innovadoras y debatir cuestiones pr\u00e1cticas.<\/li>\n\n\n\n<li>23 clases magistrales de cata de vino y aceite de oliva.<\/li>\n<\/ul>\n\n\n\n<div style=\"height:17px\" aria-hidden=\"true\" class=\"wp-block-spacer\"><\/div>\n\n\n\n<h2 class=\"wp-block-heading\">Mapa del SITEVI <\/h2>\n\n\n<div class=\"wp-block-image\">\n<figure class=\"aligncenter size-large\"><img loading=\"lazy\" decoding=\"async\" width=\"724\" height=\"1024\" src=\"https:\/\/socma.info\/wp-content\/uploads\/2023\/10\/Plan-secteurs-SITEVI-FR-724x1024.jpg\" alt=\"\" class=\"wp-image-3936\" srcset=\"https:\/\/socma.info\/wp-content\/uploads\/2023\/10\/Plan-secteurs-SITEVI-FR-724x1024.jpg 724w, https:\/\/socma.info\/wp-content\/uploads\/2023\/10\/Plan-secteurs-SITEVI-FR-212x300.jpg 212w, https:\/\/socma.info\/wp-content\/uploads\/2023\/10\/Plan-secteurs-SITEVI-FR-768x1087.jpg 768w, https:\/\/socma.info\/wp-content\/uploads\/2023\/10\/Plan-secteurs-SITEVI-FR.jpg 827w\" sizes=\"(max-width: 724px) 100vw, 724px\" \/><\/figure>\n<\/div>\n\n\n<p class=\"has-text-align-center\">SOCMA : Hall A1, stand D046<\/p>\n\n\n\n<div style=\"height:51px\" aria-hidden=\"true\" class=\"wp-block-spacer\"><\/div>\n\n\n\n<h2 class=\"wp-block-heading has-text-align-center\"><a href=\"https:\/\/badge.sitevi.com\/accueil.htm\">SOLICITUD DE INSIGNIA<\/a><\/h2>\n","protected":false},"excerpt":{"rendered":"<p>Del 28 al 30 de noviembre de 2023, SITEVI le dar\u00e1 acceso a los mejores avances en equipos y conocimientos t\u00e9cnicos para los sectores de la viticultura, la vinicultura, la arboricultura y la olivicultura. \ud83d\udccdPlaza de Exposiciones de MontpellierRoute de la Foire, 34470 P\u00e9rols &#8211; de 8.30 a 18.00 horas Vea nuestra gama completa de [&hellip;]<\/p>\n","protected":false},"author":8,"featured_media":3924,"comment_status":"closed","ping_status":"closed","sticky":false,"template":"","format":"standard","meta":{"inline_featured_image":false,"footnotes":""},"categories":[1],"tags":[],"class_list":["post-3901","post","type-post","status-publish","format-standard","has-post-thumbnail","hentry","category-uncategorized"],"acf":[],"yoast_head":"<!-- This site is optimized with the Yoast SEO plugin v21.8 - https:\/\/yoast.com\/wordpress\/plugins\/seo\/ -->\n<title>\u00a1Encu\u00e9ntrenos en el salon SITEVI del 28 al 30 noviembre de 2023!<\/title>\n<meta name=\"description\" content=\"\u00danase a nosotros desde el 29 de noviembre hasta el 1 de diciembre de 2022 en Vinitech-Sifel, la cita mundial de la innovaci\u00f3n\" \/>\n<meta name=\"robots\" content=\"index, follow, max-snippet:-1, max-image-preview:large, max-video-preview:-1\" \/>\n<link rel=\"canonical\" href=\"https:\/\/socma.info\/es\/encuentrenos-ahora-en-la-feria-vinitech-sifel-2\/\" \/>\n<meta property=\"og:locale\" content=\"es_ES\" \/>\n<meta property=\"og:type\" content=\"article\" \/>\n<meta property=\"og:title\" content=\"\u00a1Encu\u00e9ntrenos en el salon SITEVI del 28 al 30 noviembre de 2023!\" \/>\n<meta property=\"og:description\" content=\"\u00danase a nosotros desde el 29 de noviembre hasta el 1 de diciembre de 2022 en Vinitech-Sifel, la cita mundial de la innovaci\u00f3n\" \/>\n<meta property=\"og:url\" content=\"https:\/\/socma.info\/es\/encuentrenos-ahora-en-la-feria-vinitech-sifel-2\/\" \/>\n<meta property=\"og:site_name\" content=\"SOCMA\" \/>\n<meta property=\"article:publisher\" content=\"https:\/\/www.facebook.com\/Socma.France\/\" \/>\n<meta property=\"article:published_time\" content=\"2023-09-25T14:16:58+00:00\" \/>\n<meta property=\"article:modified_time\" content=\"2023-10-02T08:09:55+00:00\" \/>\n<meta property=\"og:image\" content=\"https:\/\/socma.info\/wp-content\/uploads\/2023\/09\/a1_d_046_square.png\" \/>\n\t<meta property=\"og:image:width\" content=\"1080\" \/>\n\t<meta property=\"og:image:height\" content=\"1080\" \/>\n\t<meta property=\"og:image:type\" content=\"image\/png\" \/>\n<meta name=\"author\" content=\"Ilona\" \/>\n<meta name=\"twitter:card\" content=\"summary_large_image\" \/>\n<meta name=\"twitter:label1\" content=\"Escrito por\" \/>\n\t<meta name=\"twitter:data1\" content=\"Ilona\" \/>\n\t<meta name=\"twitter:label2\" content=\"Tiempo de lectura\" \/>\n\t<meta name=\"twitter:data2\" content=\"2 minutos\" \/>\n<script type=\"application\/ld+json\" class=\"yoast-schema-graph\">{\"@context\":\"https:\/\/schema.org\",\"@graph\":[{\"@type\":\"Article\",\"@id\":\"https:\/\/socma.info\/es\/encuentrenos-ahora-en-la-feria-vinitech-sifel-2\/#article\",\"isPartOf\":{\"@id\":\"https:\/\/socma.info\/es\/encuentrenos-ahora-en-la-feria-vinitech-sifel-2\/\"},\"author\":{\"name\":\"Ilona\",\"@id\":\"https:\/\/socma.info\/es\/#\/schema\/person\/c567d2c5dc7b160305be1f4d0fb16f16\"},\"headline\":\"\u00a1Encu\u00e9ntrenos en el salon SITEVI del 28 al 30 noviembre de 2023!\",\"datePublished\":\"2023-09-25T14:16:58+00:00\",\"dateModified\":\"2023-10-02T08:09:55+00:00\",\"mainEntityOfPage\":{\"@id\":\"https:\/\/socma.info\/es\/encuentrenos-ahora-en-la-feria-vinitech-sifel-2\/\"},\"wordCount\":171,\"publisher\":{\"@id\":\"https:\/\/socma.info\/es\/#organization\"},\"articleSection\":[\"Uncategorized\"],\"inLanguage\":\"es\"},{\"@type\":\"WebPage\",\"@id\":\"https:\/\/socma.info\/es\/encuentrenos-ahora-en-la-feria-vinitech-sifel-2\/\",\"url\":\"https:\/\/socma.info\/es\/encuentrenos-ahora-en-la-feria-vinitech-sifel-2\/\",\"name\":\"\u00a1Encu\u00e9ntrenos en el salon SITEVI del 28 al 30 noviembre de 2023!\",\"isPartOf\":{\"@id\":\"https:\/\/socma.info\/es\/#website\"},\"datePublished\":\"2023-09-25T14:16:58+00:00\",\"dateModified\":\"2023-10-02T08:09:55+00:00\",\"description\":\"\u00danase a nosotros desde el 29 de noviembre hasta el 1 de diciembre de 2022 en Vinitech-Sifel, la cita mundial de la innovaci\u00f3n\",\"breadcrumb\":{\"@id\":\"https:\/\/socma.info\/es\/encuentrenos-ahora-en-la-feria-vinitech-sifel-2\/#breadcrumb\"},\"inLanguage\":\"es\",\"potentialAction\":[{\"@type\":\"ReadAction\",\"target\":[\"https:\/\/socma.info\/es\/encuentrenos-ahora-en-la-feria-vinitech-sifel-2\/\"]}]},{\"@type\":\"BreadcrumbList\",\"@id\":\"https:\/\/socma.info\/es\/encuentrenos-ahora-en-la-feria-vinitech-sifel-2\/#breadcrumb\",\"itemListElement\":[{\"@type\":\"ListItem\",\"position\":1,\"name\":\"Accueil\",\"item\":\"https:\/\/socma.info\/es\/\"},{\"@type\":\"ListItem\",\"position\":2,\"name\":\"\u00a1Encu\u00e9ntrenos en el salon SITEVI del 28 al 30 noviembre de 2023!\"}]},{\"@type\":\"WebSite\",\"@id\":\"https:\/\/socma.info\/es\/#website\",\"url\":\"https:\/\/socma.info\/es\/\",\"name\":\"SOCMA\",\"description\":\"Le respect du fruit de vos efforts\",\"publisher\":{\"@id\":\"https:\/\/socma.info\/es\/#organization\"},\"alternateName\":\"Soci\u00e9t\u00e9 Occitane de Maintenance\",\"potentialAction\":[{\"@type\":\"SearchAction\",\"target\":{\"@type\":\"EntryPoint\",\"urlTemplate\":\"https:\/\/socma.info\/es\/?s={search_term_string}\"},\"query-input\":\"required name=search_term_string\"}],\"inLanguage\":\"es\"},{\"@type\":\"Organization\",\"@id\":\"https:\/\/socma.info\/es\/#organization\",\"name\":\"SOCMA\",\"alternateName\":\"Soci\u00e9t\u00e9 Occitane de Maintenance\",\"url\":\"https:\/\/socma.info\/es\/\",\"logo\":{\"@type\":\"ImageObject\",\"inLanguage\":\"es\",\"@id\":\"https:\/\/socma.info\/es\/#\/schema\/logo\/image\/\",\"url\":\"https:\/\/socma.info\/wp-content\/uploads\/2022\/11\/LOGO-SOCMA.png\",\"contentUrl\":\"https:\/\/socma.info\/wp-content\/uploads\/2022\/11\/LOGO-SOCMA.png\",\"width\":800,\"height\":644,\"caption\":\"SOCMA\"},\"image\":{\"@id\":\"https:\/\/socma.info\/es\/#\/schema\/logo\/image\/\"},\"sameAs\":[\"https:\/\/www.facebook.com\/Socma.France\/\",\"https:\/\/www.instagram.com\/socma_narbonne\/\",\"https:\/\/www.linkedin.com\/company\/socma-narbonne\/\"]},{\"@type\":\"Person\",\"@id\":\"https:\/\/socma.info\/es\/#\/schema\/person\/c567d2c5dc7b160305be1f4d0fb16f16\",\"name\":\"Ilona\",\"image\":{\"@type\":\"ImageObject\",\"inLanguage\":\"es\",\"@id\":\"https:\/\/socma.info\/es\/#\/schema\/person\/image\/\",\"url\":\"https:\/\/secure.gravatar.com\/avatar\/b833c198a0ef7a7e70bc0d678c7409a5b7699f76dc7827eb6e0ba0376c217ff1?s=96&d=mm&r=g\",\"contentUrl\":\"https:\/\/secure.gravatar.com\/avatar\/b833c198a0ef7a7e70bc0d678c7409a5b7699f76dc7827eb6e0ba0376c217ff1?s=96&d=mm&r=g\",\"caption\":\"Ilona\"},\"sameAs\":[\"http:\/\/marketing@socma.info\"]}]}<\/script>\n<!-- \/ Yoast SEO plugin. -->","yoast_head_json":{"title":"\u00a1Encu\u00e9ntrenos en el salon SITEVI del 28 al 30 noviembre de 2023!","description":"\u00danase a nosotros desde el 29 de noviembre hasta el 1 de diciembre de 2022 en Vinitech-Sifel, la cita mundial de la innovaci\u00f3n","robots":{"index":"index","follow":"follow","max-snippet":"max-snippet:-1","max-image-preview":"max-image-preview:large","max-video-preview":"max-video-preview:-1"},"canonical":"https:\/\/socma.info\/es\/encuentrenos-ahora-en-la-feria-vinitech-sifel-2\/","og_locale":"es_ES","og_type":"article","og_title":"\u00a1Encu\u00e9ntrenos en el salon SITEVI del 28 al 30 noviembre de 2023!","og_description":"\u00danase a nosotros desde el 29 de noviembre hasta el 1 de diciembre de 2022 en Vinitech-Sifel, la cita mundial de la innovaci\u00f3n","og_url":"https:\/\/socma.info\/es\/encuentrenos-ahora-en-la-feria-vinitech-sifel-2\/","og_site_name":"SOCMA","article_publisher":"https:\/\/www.facebook.com\/Socma.France\/","article_published_time":"2023-09-25T14:16:58+00:00","article_modified_time":"2023-10-02T08:09:55+00:00","og_image":[{"width":1080,"height":1080,"url":"https:\/\/socma.info\/wp-content\/uploads\/2023\/09\/a1_d_046_square.png","type":"image\/png"}],"author":"Ilona","twitter_card":"summary_large_image","twitter_misc":{"Escrito por":"Ilona","Tiempo de lectura":"2 minutos"},"schema":{"@context":"https:\/\/schema.org","@graph":[{"@type":"Article","@id":"https:\/\/socma.info\/es\/encuentrenos-ahora-en-la-feria-vinitech-sifel-2\/#article","isPartOf":{"@id":"https:\/\/socma.info\/es\/encuentrenos-ahora-en-la-feria-vinitech-sifel-2\/"},"author":{"name":"Ilona","@id":"https:\/\/socma.info\/es\/#\/schema\/person\/c567d2c5dc7b160305be1f4d0fb16f16"},"headline":"\u00a1Encu\u00e9ntrenos en el salon SITEVI del 28 al 30 noviembre de 2023!","datePublished":"2023-09-25T14:16:58+00:00","dateModified":"2023-10-02T08:09:55+00:00","mainEntityOfPage":{"@id":"https:\/\/socma.info\/es\/encuentrenos-ahora-en-la-feria-vinitech-sifel-2\/"},"wordCount":171,"publisher":{"@id":"https:\/\/socma.info\/es\/#organization"},"articleSection":["Uncategorized"],"inLanguage":"es"},{"@type":"WebPage","@id":"https:\/\/socma.info\/es\/encuentrenos-ahora-en-la-feria-vinitech-sifel-2\/","url":"https:\/\/socma.info\/es\/encuentrenos-ahora-en-la-feria-vinitech-sifel-2\/","name":"\u00a1Encu\u00e9ntrenos en el salon SITEVI del 28 al 30 noviembre de 2023!","isPartOf":{"@id":"https:\/\/socma.info\/es\/#website"},"datePublished":"2023-09-25T14:16:58+00:00","dateModified":"2023-10-02T08:09:55+00:00","description":"\u00danase a nosotros desde el 29 de noviembre hasta el 1 de diciembre de 2022 en Vinitech-Sifel, la cita mundial de la innovaci\u00f3n","breadcrumb":{"@id":"https:\/\/socma.info\/es\/encuentrenos-ahora-en-la-feria-vinitech-sifel-2\/#breadcrumb"},"inLanguage":"es","potentialAction":[{"@type":"ReadAction","target":["https:\/\/socma.info\/es\/encuentrenos-ahora-en-la-feria-vinitech-sifel-2\/"]}]},{"@type":"BreadcrumbList","@id":"https:\/\/socma.info\/es\/encuentrenos-ahora-en-la-feria-vinitech-sifel-2\/#breadcrumb","itemListElement":[{"@type":"ListItem","position":1,"name":"Accueil","item":"https:\/\/socma.info\/es\/"},{"@type":"ListItem","position":2,"name":"\u00a1Encu\u00e9ntrenos en el salon SITEVI del 28 al 30 noviembre de 2023!"}]},{"@type":"WebSite","@id":"https:\/\/socma.info\/es\/#website","url":"https:\/\/socma.info\/es\/","name":"SOCMA","description":"Le respect du fruit de vos efforts","publisher":{"@id":"https:\/\/socma.info\/es\/#organization"},"alternateName":"Soci\u00e9t\u00e9 Occitane de Maintenance","potentialAction":[{"@type":"SearchAction","target":{"@type":"EntryPoint","urlTemplate":"https:\/\/socma.info\/es\/?s={search_term_string}"},"query-input":"required name=search_term_string"}],"inLanguage":"es"},{"@type":"Organization","@id":"https:\/\/socma.info\/es\/#organization","name":"SOCMA","alternateName":"Soci\u00e9t\u00e9 Occitane de Maintenance","url":"https:\/\/socma.info\/es\/","logo":{"@type":"ImageObject","inLanguage":"es","@id":"https:\/\/socma.info\/es\/#\/schema\/logo\/image\/","url":"https:\/\/socma.info\/wp-content\/uploads\/2022\/11\/LOGO-SOCMA.png","contentUrl":"https:\/\/socma.info\/wp-content\/uploads\/2022\/11\/LOGO-SOCMA.png","width":800,"height":644,"caption":"SOCMA"},"image":{"@id":"https:\/\/socma.info\/es\/#\/schema\/logo\/image\/"},"sameAs":["https:\/\/www.facebook.com\/Socma.France\/","https:\/\/www.instagram.com\/socma_narbonne\/","https:\/\/www.linkedin.com\/company\/socma-narbonne\/"]},{"@type":"Person","@id":"https:\/\/socma.info\/es\/#\/schema\/person\/c567d2c5dc7b160305be1f4d0fb16f16","name":"Ilona","image":{"@type":"ImageObject","inLanguage":"es","@id":"https:\/\/socma.info\/es\/#\/schema\/person\/image\/","url":"https:\/\/secure.gravatar.com\/avatar\/b833c198a0ef7a7e70bc0d678c7409a5b7699f76dc7827eb6e0ba0376c217ff1?s=96&d=mm&r=g","contentUrl":"https:\/\/secure.gravatar.com\/avatar\/b833c198a0ef7a7e70bc0d678c7409a5b7699f76dc7827eb6e0ba0376c217ff1?s=96&d=mm&r=g","caption":"Ilona"},"sameAs":["http:\/\/marketing@socma.info"]}]}},"_links":{"self":[{"href":"https:\/\/socma.info\/es\/wp-json\/wp\/v2\/posts\/3901","targetHints":{"allow":["GET"]}}],"collection":[{"href":"https:\/\/socma.info\/es\/wp-json\/wp\/v2\/posts"}],"about":[{"href":"https:\/\/socma.info\/es\/wp-json\/wp\/v2\/types\/post"}],"author":[{"embeddable":true,"href":"https:\/\/socma.info\/es\/wp-json\/wp\/v2\/users\/8"}],"replies":[{"embeddable":true,"href":"https:\/\/socma.info\/es\/wp-json\/wp\/v2\/comments?post=3901"}],"version-history":[{"count":5,"href":"https:\/\/socma.info\/es\/wp-json\/wp\/v2\/posts\/3901\/revisions"}],"predecessor-version":[{"id":3945,"href":"https:\/\/socma.info\/es\/wp-json\/wp\/v2\/posts\/3901\/revisions\/3945"}],"wp:featuredmedia":[{"embeddable":true,"href":"https:\/\/socma.info\/es\/wp-json\/wp\/v2\/media\/3924"}],"wp:attachment":[{"href":"https:\/\/socma.info\/es\/wp-json\/wp\/v2\/media?parent=3901"}],"wp:term":[{"taxonomy":"category","embeddable":true,"href":"https:\/\/socma.info\/es\/wp-json\/wp\/v2\/categories?post=3901"},{"taxonomy":"post_tag","embeddable":true,"href":"https:\/\/socma.info\/es\/wp-json\/wp\/v2\/tags?post=3901"}],"curies":[{"name":"wp","href":"https:\/\/api.w.org\/{rel}","templated":true}]}}